{"id":2997,"date":"2026-02-27T11:05:02","date_gmt":"2026-02-27T10:05:02","guid":{"rendered":"https:\/\/www.dueker-rex.de\/2023\/09\/16\/sueffa-2024\/"},"modified":"2026-02-02T10:58:56","modified_gmt":"2026-02-02T09:58:56","slug":"sueffa-2024","status":"publish","type":"post","link":"https:\/\/www.dueker-rex.de\/en\/2026\/02\/27\/sueffa-2024\/","title":{"rendered":"S\u00dcFFA 2024"},"content":{"rendered":"\t\t<div data-elementor-type=\"wp-post\" data-elementor-id=\"2997\" class=\"elementor elementor-2997 elementor-1818\" data-elementor-post-type=\"post\">\n\t\t\t\t\t\t<section class=\"elementor-section elementor-top-section elementor-element elementor-element-5e96924 elementor-section-boxed elementor-section-height-default elementor-section-height-default wpr-particle-no wpr-jarallax-no wpr-parallax-no wpr-sticky-section-no\" data-id=\"5e96924\" data-element_type=\"section\" data-e-type=\"section\">\n\t\t\t\t\t\t<div class=\"elementor-container elementor-column-gap-default\">\n\t\t\t\t\t<div class=\"elementor-column elementor-col-100 elementor-top-column elementor-element elementor-element-50787b4\" data-id=\"50787b4\" data-element_type=\"column\" data-e-type=\"column\">\n\t\t\t<div class=\"elementor-widget-wrap elementor-element-populated\">\n\t\t\t\t\t\t<div class=\"elementor-element elementor-element-57868ec elementor-widget elementor-widget-spacer\" data-id=\"57868ec\" data-element_type=\"widget\" data-e-type=\"widget\" data-widget_type=\"spacer.default\">\n\t\t\t\t<div class=\"elementor-widget-container\">\n\t\t\t\t\t\t\t<div class=\"elementor-spacer\">\n\t\t\t<div class=\"elementor-spacer-inner\"><\/div>\n\t\t<\/div>\n\t\t\t\t\t\t<\/div>\n\t\t\t\t<\/div>\n\t\t\t\t\t<\/div>\n\t\t<\/div>\n\t\t\t\t\t<\/div>\n\t\t<\/section>\n\t\t\t\t<section class=\"elementor-section elementor-top-section elementor-element elementor-element-24abd44 elementor-section-boxed elementor-section-height-default elementor-section-height-default wpr-particle-no wpr-jarallax-no wpr-parallax-no wpr-sticky-section-no\" data-id=\"24abd44\" data-element_type=\"section\" data-e-type=\"section\">\n\t\t\t\t\t\t<div class=\"elementor-container elementor-column-gap-default\">\n\t\t\t\t\t<div class=\"elementor-column elementor-col-33 elementor-top-column elementor-element elementor-element-640272b\" data-id=\"640272b\" data-element_type=\"column\" data-e-type=\"column\">\n\t\t\t<div class=\"elementor-widget-wrap elementor-element-populated\">\n\t\t\t\t\t\t<div class=\"elementor-element elementor-element-fb22a8b elementor-widget elementor-widget-heading\" data-id=\"fb22a8b\" data-element_type=\"widget\" data-e-type=\"widget\" data-widget_type=\"heading.default\">\n\t\t\t\t<div class=\"elementor-widget-container\">\n\t\t\t\t\t<h2 class=\"elementor-heading-title elementor-size-default\">S\u00dcFFA 2024<\/h2>\t\t\t\t<\/div>\n\t\t\t\t<\/div>\n\t\t\t\t\t<\/div>\n\t\t<\/div>\n\t\t\t\t<div class=\"elementor-column elementor-col-66 elementor-top-column elementor-element elementor-element-82d6293\" data-id=\"82d6293\" data-element_type=\"column\" data-e-type=\"column\">\n\t\t\t<div class=\"elementor-widget-wrap\">\n\t\t\t\t\t\t\t<\/div>\n\t\t<\/div>\n\t\t\t\t\t<\/div>\n\t\t<\/section>\n\t\t\t\t<section class=\"elementor-section elementor-top-section elementor-element elementor-element-5783922 elementor-section-boxed elementor-section-height-default elementor-section-height-default wpr-particle-no wpr-jarallax-no wpr-parallax-no wpr-sticky-section-no\" data-id=\"5783922\" data-element_type=\"section\" data-e-type=\"section\">\n\t\t\t\t\t\t<div class=\"elementor-container elementor-column-gap-default\">\n\t\t\t\t\t<div class=\"elementor-column elementor-col-33 elementor-top-column elementor-element elementor-element-95febc0\" data-id=\"95febc0\" data-element_type=\"column\" data-e-type=\"column\">\n\t\t\t<div class=\"elementor-widget-wrap elementor-element-populated\">\n\t\t\t\t\t\t<div class=\"elementor-element elementor-element-f98a411 elementor-widget elementor-widget-image\" data-id=\"f98a411\" data-element_type=\"widget\" data-e-type=\"widget\" data-widget_type=\"image.default\">\n\t\t\t\t<div class=\"elementor-widget-container\">\n\t\t\t\t\t\t\t\t\t\t\t\t\t\t\t<img fetchpriority=\"high\" decoding=\"async\" width=\"800\" height=\"800\" src=\"https:\/\/www.dueker-rex.de\/wp-content\/uploads\/2024\/01\/Messetermine_Logo_Dueker-REX-1024x1024.png\" class=\"attachment-large size-large wp-image-3000\" alt=\"Logo_Messe_Sueffa\" srcset=\"https:\/\/www.dueker-rex.de\/wp-content\/uploads\/2024\/01\/Messetermine_Logo_Dueker-REX-1024x1024.png 1024w, https:\/\/www.dueker-rex.de\/wp-content\/uploads\/2024\/01\/Messetermine_Logo_Dueker-REX-300x300.png 300w, https:\/\/www.dueker-rex.de\/wp-content\/uploads\/2024\/01\/Messetermine_Logo_Dueker-REX-150x150.png 150w, https:\/\/www.dueker-rex.de\/wp-content\/uploads\/2024\/01\/Messetermine_Logo_Dueker-REX-768x768.png 768w, https:\/\/www.dueker-rex.de\/wp-content\/uploads\/2024\/01\/Messetermine_Logo_Dueker-REX-600x600.png 600w, https:\/\/www.dueker-rex.de\/wp-content\/uploads\/2024\/01\/Messetermine_Logo_Dueker-REX-100x100.png 100w, https:\/\/www.dueker-rex.de\/wp-content\/uploads\/2024\/01\/Messetermine_Logo_Dueker-REX.png 1080w\" sizes=\"(max-width: 800px) 100vw, 800px\" \/>\t\t\t\t\t\t\t\t\t\t\t\t\t\t\t<\/div>\n\t\t\t\t<\/div>\n\t\t\t\t\t<\/div>\n\t\t<\/div>\n\t\t\t\t<div class=\"elementor-column elementor-col-66 elementor-top-column elementor-element elementor-element-74f78a2\" data-id=\"74f78a2\" data-element_type=\"column\" data-e-type=\"column\">\n\t\t\t<div class=\"elementor-widget-wrap elementor-element-populated\">\n\t\t\t\t\t\t<div class=\"elementor-element elementor-element-d21a3c4 elementor-widget elementor-widget-text-editor\" data-id=\"d21a3c4\" data-element_type=\"widget\" data-e-type=\"widget\" data-widget_type=\"text-editor.default\">\n\t\t\t\t<div class=\"elementor-widget-container\">\n\t\t\t\t\t\t\t\t\t<p>Stuttgart<\/p>\n<p><strong>September 28 &#8211; 30, 2024<\/strong><\/p>\n\t\t\t\t\t\t\t\t<\/div>\n\t\t\t\t<\/div>\n\t\t\t\t<div class=\"elementor-element elementor-element-b1c7ded elementor-widget elementor-widget-text-editor\" data-id=\"b1c7ded\" data-element_type=\"widget\" data-e-type=\"widget\" data-widget_type=\"text-editor.default\">\n\t\t\t\t<div class=\"elementor-widget-container\">\n\t\t\t\t\t\t\t\t\t<p>S\u00dcFFA 2024 &#8211; Trade fair for the butchery industry<\/p>\n<p>The meat industry will come together at S\u00dcFFA from September 28 to 30, 2024. This industry get-together offers an excellent opportunity to present the latest products, innovations, sophisticated technology and customized solutions for production, sales and the out-of-home market to interested trade visitors. We look forward to your visit!<\/p>\n<\/p>\n<p><span style=\"letter-spacing: 1.7px;\">Exhibition stand: <\/span><span style=\"font-weight: bolder; letter-spacing: 1.7px;\">Hall 4, Stand 4C20<\/span><\/p>\n\t\t\t\t\t\t\t\t<\/div>\n\t\t\t\t<\/div>\n\t\t\t\t<div class=\"elementor-element elementor-element-4195279 elementor-widget elementor-widget-spacer\" data-id=\"4195279\" data-element_type=\"widget\" data-e-type=\"widget\" data-widget_type=\"spacer.default\">\n\t\t\t\t<div class=\"elementor-widget-container\">\n\t\t\t\t\t\t\t<div class=\"elementor-spacer\">\n\t\t\t<div class=\"elementor-spacer-inner\"><\/div>\n\t\t<\/div>\n\t\t\t\t\t\t<\/div>\n\t\t\t\t<\/div>\n\t\t\t\t<div class=\"elementor-element elementor-element-5b83523 elementor-widget elementor-widget-google_maps\" data-id=\"5b83523\" data-element_type=\"widget\" data-e-type=\"widget\" data-widget_type=\"google_maps.default\">\n\t\t\t\t<div class=\"elementor-widget-container\">\n\t\t\t\t\t\t\t<div class=\"elementor-custom-embed\">\n\t\t\t<iframe loading=\"lazy\"\n\t\t\t\t\tsrc=\"https:\/\/maps.google.com\/maps?q=Messe%20Stuttgart%20%28Landesmesse%29%20Messepiazza%201%2070629%20Stuttgart&#038;t=m&#038;z=10&#038;output=embed&#038;iwloc=near\"\n\t\t\t\t\ttitle=\"Messe Stuttgart (Landesmesse) Messepiazza 1 70629 Stuttgart\"\n\t\t\t\t\taria-label=\"Messe Stuttgart (Landesmesse) Messepiazza 1 70629 Stuttgart\"\n\t\t\t><\/iframe>\n\t\t<\/div>\n\t\t\t\t\t\t<\/div>\n\t\t\t\t<\/div>\n\t\t\t\t\t<\/div>\n\t\t<\/div>\n\t\t\t\t\t<\/div>\n\t\t<\/section>\n\t\t\t\t<section class=\"elementor-section elementor-top-section elementor-element elementor-element-2b5a019 elementor-section-boxed elementor-section-height-default elementor-section-height-default wpr-particle-no wpr-jarallax-no wpr-parallax-no wpr-sticky-section-no\" data-id=\"2b5a019\" data-element_type=\"section\" data-e-type=\"section\">\n\t\t\t\t\t\t<div class=\"elementor-container elementor-column-gap-default\">\n\t\t\t\t\t<div class=\"elementor-column elementor-col-100 elementor-top-column elementor-element elementor-element-ac6d010\" data-id=\"ac6d010\" data-element_type=\"column\" data-e-type=\"column\">\n\t\t\t<div class=\"elementor-widget-wrap elementor-element-populated\">\n\t\t\t\t\t\t<div class=\"elementor-element elementor-element-c7cf669 elementor-widget elementor-widget-spacer\" data-id=\"c7cf669\" data-element_type=\"widget\" data-e-type=\"widget\" data-widget_type=\"spacer.default\">\n\t\t\t\t<div class=\"elementor-widget-container\">\n\t\t\t\t\t\t\t<div class=\"elementor-spacer\">\n\t\t\t<div class=\"elementor-spacer-inner\"><\/div>\n\t\t<\/div>\n\t\t\t\t\t\t<\/div>\n\t\t\t\t<\/div>\n\t\t\t\t\t<\/div>\n\t\t<\/div>\n\t\t\t\t\t<\/div>\n\t\t<\/section>\n\t\t\t\t<\/div>\n\t\t","protected":false},"excerpt":{"rendered":"<p>S\u00dcFFA 2024 Stuttgart September 28 &#8211; 30, 2024 S\u00dcFFA 2024 &#8211; Trade fair for the butchery industry The meat industry will come together at S\u00dcFFA from September 28 to 30, 2024. This industry get-together offers an excellent opportunity to present the latest products, innovations, sophisticated technology and customized solutions for production, sales and the out-of-home market to interested trade visitors. We look forward to your visit! Exhibition stand: Hall 4, Stand 4C20<\/p>\n","protected":false},"author":1,"featured_media":3000,"comment_status":"closed","ping_status":"open","sticky":false,"template":"","format":"standard","meta":{"footnotes":""},"categories":[95],"tags":[],"class_list":["post-2997","post","type-post","status-publish","format-standard","has-post-thumbnail","hentry","category-trade-fair_dates"],"yoast_head":"<!-- This site is optimized with the Yoast SEO plugin v27.3 - https:\/\/yoast.com\/product\/yoast-seo-wordpress\/ -->\n<title>S\u00dcFFA 2024 - dueker-rex.de<\/title>\n<meta name=\"robots\" content=\"index, follow, max-snippet:-1, max-image-preview:large, max-video-preview:-1\" \/>\n<link rel=\"canonical\" href=\"https:\/\/www.dueker-rex.de\/en\/2026\/02\/27\/sueffa-2024\/\" \/>\n<meta property=\"og:locale\" content=\"en_US\" \/>\n<meta property=\"og:type\" content=\"article\" \/>\n<meta property=\"og:title\" content=\"S\u00dcFFA 2024 - dueker-rex.de\" \/>\n<meta property=\"og:description\" content=\"S\u00dcFFA 2024 Stuttgart September 28 &#8211; 30, 2024 S\u00dcFFA 2024 &#8211; Trade fair for the butchery industry The meat industry will come together at S\u00dcFFA from September 28 to 30, 2024. This industry get-together offers an excellent opportunity to present the latest products, innovations, sophisticated technology and customized solutions for production, sales and the out-of-home market to interested trade visitors. We look forward to your visit! Exhibition stand: Hall 4, Stand 4C20\" \/>\n<meta property=\"og:url\" content=\"https:\/\/www.dueker-rex.de\/en\/2026\/02\/27\/sueffa-2024\/\" \/>\n<meta property=\"og:site_name\" content=\"dueker-rex.de\" \/>\n<meta property=\"article:published_time\" content=\"2026-02-27T10:05:02+00:00\" \/>\n<meta property=\"og:image\" content=\"https:\/\/www.dueker-rex.de\/wp-content\/uploads\/2024\/01\/Messetermine_Logo_Dueker-REX.png\" \/>\n\t<meta property=\"og:image:width\" content=\"1080\" \/>\n\t<meta property=\"og:image:height\" content=\"1080\" \/>\n\t<meta property=\"og:image:type\" content=\"image\/png\" \/>\n<meta name=\"author\" content=\"J.Vorbeck\" \/>\n<meta name=\"twitter:card\" content=\"summary_large_image\" \/>\n<meta name=\"twitter:label1\" content=\"Written by\" \/>\n\t<meta name=\"twitter:data1\" content=\"J.Vorbeck\" \/>\n\t<meta name=\"twitter:label2\" content=\"Est. reading time\" \/>\n\t<meta name=\"twitter:data2\" content=\"1 minute\" \/>\n<script type=\"application\/ld+json\" class=\"yoast-schema-graph\">{\"@context\":\"https:\\\/\\\/schema.org\",\"@graph\":[{\"@type\":\"Article\",\"@id\":\"https:\\\/\\\/www.dueker-rex.de\\\/en\\\/2026\\\/02\\\/27\\\/sueffa-2024\\\/#article\",\"isPartOf\":{\"@id\":\"https:\\\/\\\/www.dueker-rex.de\\\/en\\\/2026\\\/02\\\/27\\\/sueffa-2024\\\/\"},\"author\":{\"name\":\"J.Vorbeck\",\"@id\":\"https:\\\/\\\/www.dueker-rex.de\\\/en\\\/#\\\/schema\\\/person\\\/907d95fd232266eeef48c93f275d3a4d\"},\"headline\":\"S\u00dcFFA 2024\",\"datePublished\":\"2026-02-27T10:05:02+00:00\",\"mainEntityOfPage\":{\"@id\":\"https:\\\/\\\/www.dueker-rex.de\\\/en\\\/2026\\\/02\\\/27\\\/sueffa-2024\\\/\"},\"wordCount\":68,\"image\":{\"@id\":\"https:\\\/\\\/www.dueker-rex.de\\\/en\\\/2026\\\/02\\\/27\\\/sueffa-2024\\\/#primaryimage\"},\"thumbnailUrl\":\"https:\\\/\\\/www.dueker-rex.de\\\/wp-content\\\/uploads\\\/2024\\\/01\\\/Messetermine_Logo_Dueker-REX.png\",\"articleSection\":[\"Trade fair_dates\"],\"inLanguage\":\"en-US\"},{\"@type\":\"WebPage\",\"@id\":\"https:\\\/\\\/www.dueker-rex.de\\\/en\\\/2026\\\/02\\\/27\\\/sueffa-2024\\\/\",\"url\":\"https:\\\/\\\/www.dueker-rex.de\\\/en\\\/2026\\\/02\\\/27\\\/sueffa-2024\\\/\",\"name\":\"S\u00dcFFA 2024 - dueker-rex.de\",\"isPartOf\":{\"@id\":\"https:\\\/\\\/www.dueker-rex.de\\\/en\\\/#website\"},\"primaryImageOfPage\":{\"@id\":\"https:\\\/\\\/www.dueker-rex.de\\\/en\\\/2026\\\/02\\\/27\\\/sueffa-2024\\\/#primaryimage\"},\"image\":{\"@id\":\"https:\\\/\\\/www.dueker-rex.de\\\/en\\\/2026\\\/02\\\/27\\\/sueffa-2024\\\/#primaryimage\"},\"thumbnailUrl\":\"https:\\\/\\\/www.dueker-rex.de\\\/wp-content\\\/uploads\\\/2024\\\/01\\\/Messetermine_Logo_Dueker-REX.png\",\"datePublished\":\"2026-02-27T10:05:02+00:00\",\"author\":{\"@id\":\"https:\\\/\\\/www.dueker-rex.de\\\/en\\\/#\\\/schema\\\/person\\\/907d95fd232266eeef48c93f275d3a4d\"},\"breadcrumb\":{\"@id\":\"https:\\\/\\\/www.dueker-rex.de\\\/en\\\/2026\\\/02\\\/27\\\/sueffa-2024\\\/#breadcrumb\"},\"inLanguage\":\"en-US\",\"potentialAction\":[{\"@type\":\"ReadAction\",\"target\":[\"https:\\\/\\\/www.dueker-rex.de\\\/en\\\/2026\\\/02\\\/27\\\/sueffa-2024\\\/\"]}]},{\"@type\":\"ImageObject\",\"inLanguage\":\"en-US\",\"@id\":\"https:\\\/\\\/www.dueker-rex.de\\\/en\\\/2026\\\/02\\\/27\\\/sueffa-2024\\\/#primaryimage\",\"url\":\"https:\\\/\\\/www.dueker-rex.de\\\/wp-content\\\/uploads\\\/2024\\\/01\\\/Messetermine_Logo_Dueker-REX.png\",\"contentUrl\":\"https:\\\/\\\/www.dueker-rex.de\\\/wp-content\\\/uploads\\\/2024\\\/01\\\/Messetermine_Logo_Dueker-REX.png\",\"width\":1080,\"height\":1080,\"caption\":\"Logo_Messe_Sueffa\"},{\"@type\":\"BreadcrumbList\",\"@id\":\"https:\\\/\\\/www.dueker-rex.de\\\/en\\\/2026\\\/02\\\/27\\\/sueffa-2024\\\/#breadcrumb\",\"itemListElement\":[{\"@type\":\"ListItem\",\"position\":1,\"name\":\"Startseite\",\"item\":\"https:\\\/\\\/www.dueker-rex.de\\\/en\\\/home-page\\\/\"},{\"@type\":\"ListItem\",\"position\":2,\"name\":\"S\u00dcFFA 2024\"}]},{\"@type\":\"WebSite\",\"@id\":\"https:\\\/\\\/www.dueker-rex.de\\\/en\\\/#website\",\"url\":\"https:\\\/\\\/www.dueker-rex.de\\\/en\\\/\",\"name\":\"dueker-rex.de\",\"description\":\"D\u00fcker-REX Fleischereimaschinen GmbH\",\"potentialAction\":[{\"@type\":\"SearchAction\",\"target\":{\"@type\":\"EntryPoint\",\"urlTemplate\":\"https:\\\/\\\/www.dueker-rex.de\\\/en\\\/?s={search_term_string}\"},\"query-input\":{\"@type\":\"PropertyValueSpecification\",\"valueRequired\":true,\"valueName\":\"search_term_string\"}}],\"inLanguage\":\"en-US\"},{\"@type\":\"Person\",\"@id\":\"https:\\\/\\\/www.dueker-rex.de\\\/en\\\/#\\\/schema\\\/person\\\/907d95fd232266eeef48c93f275d3a4d\",\"name\":\"J.Vorbeck\",\"image\":{\"@type\":\"ImageObject\",\"inLanguage\":\"en-US\",\"@id\":\"https:\\\/\\\/secure.gravatar.com\\\/avatar\\\/a44c5a68abcb29ca3c0b79ef5bf37bc5d29fe0f730978805628b74b2a9416497?s=96&d=mm&r=g\",\"url\":\"https:\\\/\\\/secure.gravatar.com\\\/avatar\\\/a44c5a68abcb29ca3c0b79ef5bf37bc5d29fe0f730978805628b74b2a9416497?s=96&d=mm&r=g\",\"contentUrl\":\"https:\\\/\\\/secure.gravatar.com\\\/avatar\\\/a44c5a68abcb29ca3c0b79ef5bf37bc5d29fe0f730978805628b74b2a9416497?s=96&d=mm&r=g\",\"caption\":\"J.Vorbeck\"},\"sameAs\":[\"https:\\\/\\\/www.dueker-rex.de\"],\"url\":\"https:\\\/\\\/www.dueker-rex.de\\\/en\\\/author\\\/j-vorbeck\\\/\"}]}<\/script>\n<!-- \/ Yoast SEO plugin. -->","yoast_head_json":{"title":"S\u00dcFFA 2024 - dueker-rex.de","robots":{"index":"index","follow":"follow","max-snippet":"max-snippet:-1","max-image-preview":"max-image-preview:large","max-video-preview":"max-video-preview:-1"},"canonical":"https:\/\/www.dueker-rex.de\/en\/2026\/02\/27\/sueffa-2024\/","og_locale":"en_US","og_type":"article","og_title":"S\u00dcFFA 2024 - dueker-rex.de","og_description":"S\u00dcFFA 2024 Stuttgart September 28 &#8211; 30, 2024 S\u00dcFFA 2024 &#8211; Trade fair for the butchery industry The meat industry will come together at S\u00dcFFA from September 28 to 30, 2024. This industry get-together offers an excellent opportunity to present the latest products, innovations, sophisticated technology and customized solutions for production, sales and the out-of-home market to interested trade visitors. We look forward to your visit! Exhibition stand: Hall 4, Stand 4C20","og_url":"https:\/\/www.dueker-rex.de\/en\/2026\/02\/27\/sueffa-2024\/","og_site_name":"dueker-rex.de","article_published_time":"2026-02-27T10:05:02+00:00","og_image":[{"width":1080,"height":1080,"url":"https:\/\/www.dueker-rex.de\/wp-content\/uploads\/2024\/01\/Messetermine_Logo_Dueker-REX.png","type":"image\/png"}],"author":"J.Vorbeck","twitter_card":"summary_large_image","twitter_misc":{"Written by":"J.Vorbeck","Est. reading time":"1 minute"},"schema":{"@context":"https:\/\/schema.org","@graph":[{"@type":"Article","@id":"https:\/\/www.dueker-rex.de\/en\/2026\/02\/27\/sueffa-2024\/#article","isPartOf":{"@id":"https:\/\/www.dueker-rex.de\/en\/2026\/02\/27\/sueffa-2024\/"},"author":{"name":"J.Vorbeck","@id":"https:\/\/www.dueker-rex.de\/en\/#\/schema\/person\/907d95fd232266eeef48c93f275d3a4d"},"headline":"S\u00dcFFA 2024","datePublished":"2026-02-27T10:05:02+00:00","mainEntityOfPage":{"@id":"https:\/\/www.dueker-rex.de\/en\/2026\/02\/27\/sueffa-2024\/"},"wordCount":68,"image":{"@id":"https:\/\/www.dueker-rex.de\/en\/2026\/02\/27\/sueffa-2024\/#primaryimage"},"thumbnailUrl":"https:\/\/www.dueker-rex.de\/wp-content\/uploads\/2024\/01\/Messetermine_Logo_Dueker-REX.png","articleSection":["Trade fair_dates"],"inLanguage":"en-US"},{"@type":"WebPage","@id":"https:\/\/www.dueker-rex.de\/en\/2026\/02\/27\/sueffa-2024\/","url":"https:\/\/www.dueker-rex.de\/en\/2026\/02\/27\/sueffa-2024\/","name":"S\u00dcFFA 2024 - dueker-rex.de","isPartOf":{"@id":"https:\/\/www.dueker-rex.de\/en\/#website"},"primaryImageOfPage":{"@id":"https:\/\/www.dueker-rex.de\/en\/2026\/02\/27\/sueffa-2024\/#primaryimage"},"image":{"@id":"https:\/\/www.dueker-rex.de\/en\/2026\/02\/27\/sueffa-2024\/#primaryimage"},"thumbnailUrl":"https:\/\/www.dueker-rex.de\/wp-content\/uploads\/2024\/01\/Messetermine_Logo_Dueker-REX.png","datePublished":"2026-02-27T10:05:02+00:00","author":{"@id":"https:\/\/www.dueker-rex.de\/en\/#\/schema\/person\/907d95fd232266eeef48c93f275d3a4d"},"breadcrumb":{"@id":"https:\/\/www.dueker-rex.de\/en\/2026\/02\/27\/sueffa-2024\/#breadcrumb"},"inLanguage":"en-US","potentialAction":[{"@type":"ReadAction","target":["https:\/\/www.dueker-rex.de\/en\/2026\/02\/27\/sueffa-2024\/"]}]},{"@type":"ImageObject","inLanguage":"en-US","@id":"https:\/\/www.dueker-rex.de\/en\/2026\/02\/27\/sueffa-2024\/#primaryimage","url":"https:\/\/www.dueker-rex.de\/wp-content\/uploads\/2024\/01\/Messetermine_Logo_Dueker-REX.png","contentUrl":"https:\/\/www.dueker-rex.de\/wp-content\/uploads\/2024\/01\/Messetermine_Logo_Dueker-REX.png","width":1080,"height":1080,"caption":"Logo_Messe_Sueffa"},{"@type":"BreadcrumbList","@id":"https:\/\/www.dueker-rex.de\/en\/2026\/02\/27\/sueffa-2024\/#breadcrumb","itemListElement":[{"@type":"ListItem","position":1,"name":"Startseite","item":"https:\/\/www.dueker-rex.de\/en\/home-page\/"},{"@type":"ListItem","position":2,"name":"S\u00dcFFA 2024"}]},{"@type":"WebSite","@id":"https:\/\/www.dueker-rex.de\/en\/#website","url":"https:\/\/www.dueker-rex.de\/en\/","name":"dueker-rex.de","description":"D\u00fcker-REX Fleischereimaschinen GmbH","potentialAction":[{"@type":"SearchAction","target":{"@type":"EntryPoint","urlTemplate":"https:\/\/www.dueker-rex.de\/en\/?s={search_term_string}"},"query-input":{"@type":"PropertyValueSpecification","valueRequired":true,"valueName":"search_term_string"}}],"inLanguage":"en-US"},{"@type":"Person","@id":"https:\/\/www.dueker-rex.de\/en\/#\/schema\/person\/907d95fd232266eeef48c93f275d3a4d","name":"J.Vorbeck","image":{"@type":"ImageObject","inLanguage":"en-US","@id":"https:\/\/secure.gravatar.com\/avatar\/a44c5a68abcb29ca3c0b79ef5bf37bc5d29fe0f730978805628b74b2a9416497?s=96&d=mm&r=g","url":"https:\/\/secure.gravatar.com\/avatar\/a44c5a68abcb29ca3c0b79ef5bf37bc5d29fe0f730978805628b74b2a9416497?s=96&d=mm&r=g","contentUrl":"https:\/\/secure.gravatar.com\/avatar\/a44c5a68abcb29ca3c0b79ef5bf37bc5d29fe0f730978805628b74b2a9416497?s=96&d=mm&r=g","caption":"J.Vorbeck"},"sameAs":["https:\/\/www.dueker-rex.de"],"url":"https:\/\/www.dueker-rex.de\/en\/author\/j-vorbeck\/"}]}},"_links":{"self":[{"href":"https:\/\/www.dueker-rex.de\/en\/wp-json\/wp\/v2\/posts\/2997","targetHints":{"allow":["GET"]}}],"collection":[{"href":"https:\/\/www.dueker-rex.de\/en\/wp-json\/wp\/v2\/posts"}],"about":[{"href":"https:\/\/www.dueker-rex.de\/en\/wp-json\/wp\/v2\/types\/post"}],"author":[{"embeddable":true,"href":"https:\/\/www.dueker-rex.de\/en\/wp-json\/wp\/v2\/users\/1"}],"replies":[{"embeddable":true,"href":"https:\/\/www.dueker-rex.de\/en\/wp-json\/wp\/v2\/comments?post=2997"}],"version-history":[{"count":4,"href":"https:\/\/www.dueker-rex.de\/en\/wp-json\/wp\/v2\/posts\/2997\/revisions"}],"predecessor-version":[{"id":4179,"href":"https:\/\/www.dueker-rex.de\/en\/wp-json\/wp\/v2\/posts\/2997\/revisions\/4179"}],"wp:featuredmedia":[{"embeddable":true,"href":"https:\/\/www.dueker-rex.de\/en\/wp-json\/wp\/v2\/media\/3000"}],"wp:attachment":[{"href":"https:\/\/www.dueker-rex.de\/en\/wp-json\/wp\/v2\/media?parent=2997"}],"wp:term":[{"taxonomy":"category","embeddable":true,"href":"https:\/\/www.dueker-rex.de\/en\/wp-json\/wp\/v2\/categories?post=2997"},{"taxonomy":"post_tag","embeddable":true,"href":"https:\/\/www.dueker-rex.de\/en\/wp-json\/wp\/v2\/tags?post=2997"}],"curies":[{"name":"wp","href":"https:\/\/api.w.org\/{rel}","templated":true}]}}